{"id":1,"date":"2022-05-13T05:15:28","date_gmt":"2022-05-13T05:15:28","guid":{"rendered":"https:\/\/nein-zum-gewerbegebiet-sasserath.de\/?p=1"},"modified":"2022-05-25T07:08:12","modified_gmt":"2022-05-25T07:08:12","slug":"hello-world","status":"publish","type":"post","link":"https:\/\/nein-zum-gewerbegebiet-sasserath.de\/index.php\/2022\/05\/13\/hello-world\/","title":{"rendered":"Warum ist das Land und der Boden so wertvoll?!"},"content":{"rendered":"\n<p>1m\u00b3 (1m W\u00fcrfel)L\u00f6ssboden= bis 220 l Wasserspeicher, der f\u00fcr die Pflanzen nutzbar ist.<\/p>\n\n\n\n<p>Stephanie Coenen erkl\u00e4rt in diesem Video warum der Boden so wertvoll ist f\u00fcr die Landwirte und die Lebensmittelerzeugung!<\/p>\n\n\n\n<figure class=\"wp-block-embed is-type-video is-provider-youtube wp-block-embed-youtube alignwide wp-embed-aspect-4-3 wp-has-aspect-ratio\"><div class=\"wp-block-embed__wrapper\">\n<iframe loading=\"lazy\" title=\"Wertvollster L\u00f6ssboden in M\u00f6nchengladbach und J\u00fcchen\" width=\"500\" height=\"375\" src=\"https:\/\/www.youtube.com\/embed\/SydjA02JCAU?feature=oembed\" frameborder=\"0\" allow=\"accelerometer; autoplay; clipboard-write; encrypted-media; gyroscope; picture-in-picture; web-share\" referrerpolicy=\"strict-origin-when-cross-origin\" allowfullscreen><\/iframe>\n<\/div><\/figure>\n","protected":false},"excerpt":{"rendered":"<p>1m\u00b3 (1m W\u00fcrfel)L\u00f6ssboden= bis 220 l Wasserspeicher, der f\u00fcr die Pflanzen nutzbar ist. Stephanie Coenen erkl\u00e4rt in diesem Video warum der Boden so wertvoll ist f\u00fcr die Landwirte und die Lebensmittelerzeugung!<\/p>\n","protected":false},"author":1,"featured_media":126,"comment_status":"closed","ping_status":"closed","sticky":false,"template":"","format":"standard","meta":{"footnotes":""},"categories":[5],"tags":[7,6],"class_list":["post-1","post","type-post","status-publish","format-standard","has-post-thumbnail","hentry","category-boeden","tag-boeden","tag-loess"],"yoast_head":"<!-- This site is optimized with the Yoast SEO plugin v27.5 - https:\/\/yoast.com\/product\/yoast-seo-wordpress\/ -->\n<title>Warum ist das Land und der Boden so wertvoll?! - Nein zum Gewerbegebiet Sasserath<\/title>\n<meta name=\"robots\" content=\"index, follow, max-snippet:-1, max-image-preview:large, max-video-preview:-1\" \/>\n<link rel=\"canonical\" href=\"https:\/\/nein-zum-gewerbegebiet-sasserath.de\/index.php\/2022\/05\/13\/hello-world\/\" \/>\n<meta property=\"og:locale\" content=\"de_DE\" \/>\n<meta property=\"og:type\" content=\"article\" \/>\n<meta property=\"og:title\" content=\"Warum ist das Land und der Boden so wertvoll?! - Nein zum Gewerbegebiet Sasserath\" \/>\n<meta property=\"og:description\" content=\"1m\u00b3 (1m W\u00fcrfel)L\u00f6ssboden= bis 220 l Wasserspeicher, der f\u00fcr die Pflanzen nutzbar ist. Stephanie Coenen erkl\u00e4rt in diesem Video warum der Boden so wertvoll ist f\u00fcr die Landwirte und die Lebensmittelerzeugung!\" \/>\n<meta property=\"og:url\" content=\"https:\/\/nein-zum-gewerbegebiet-sasserath.de\/index.php\/2022\/05\/13\/hello-world\/\" \/>\n<meta property=\"og:site_name\" content=\"Nein zum Gewerbegebiet Sasserath\" \/>\n<meta property=\"article:published_time\" content=\"2022-05-13T05:15:28+00:00\" \/>\n<meta property=\"article:modified_time\" content=\"2022-05-25T07:08:12+00:00\" \/>\n<meta property=\"og:image\" content=\"https:\/\/nein-zum-gewerbegebiet-sasserath.de\/wp-content\/uploads\/2022\/05\/SAVE_20220519_204112.jpg\" \/>\n\t<meta property=\"og:image:width\" content=\"1500\" \/>\n\t<meta property=\"og:image:height\" content=\"1125\" \/>\n\t<meta property=\"og:image:type\" content=\"image\/jpeg\" \/>\n<meta name=\"author\" content=\"Tim Jansen\" \/>\n<meta name=\"twitter:card\" content=\"summary_large_image\" \/>\n<meta name=\"twitter:label1\" content=\"Verfasst von\" \/>\n\t<meta name=\"twitter:data1\" content=\"Tim Jansen\" \/>\n\t<meta name=\"twitter:label2\" content=\"Gesch\u00e4tzte Lesezeit\" \/>\n\t<meta name=\"twitter:data2\" content=\"1\u00a0Minute\" \/>\n<script type=\"application\/ld+json\" class=\"yoast-schema-graph\">{\"@context\":\"https:\\\/\\\/schema.org\",\"@graph\":[{\"@type\":\"Article\",\"@id\":\"https:\\\/\\\/nein-zum-gewerbegebiet-sasserath.de\\\/index.php\\\/2022\\\/05\\\/13\\\/hello-world\\\/#article\",\"isPartOf\":{\"@id\":\"https:\\\/\\\/nein-zum-gewerbegebiet-sasserath.de\\\/index.php\\\/2022\\\/05\\\/13\\\/hello-world\\\/\"},\"author\":{\"name\":\"Tim Jansen\",\"@id\":\"https:\\\/\\\/nein-zum-gewerbegebiet-sasserath.de\\\/#\\\/schema\\\/person\\\/e9e5530bf6486af4282da20ae701636d\"},\"headline\":\"Warum ist das Land und der Boden so wertvoll?!\",\"datePublished\":\"2022-05-13T05:15:28+00:00\",\"dateModified\":\"2022-05-25T07:08:12+00:00\",\"mainEntityOfPage\":{\"@id\":\"https:\\\/\\\/nein-zum-gewerbegebiet-sasserath.de\\\/index.php\\\/2022\\\/05\\\/13\\\/hello-world\\\/\"},\"wordCount\":50,\"publisher\":{\"@id\":\"https:\\\/\\\/nein-zum-gewerbegebiet-sasserath.de\\\/#organization\"},\"image\":{\"@id\":\"https:\\\/\\\/nein-zum-gewerbegebiet-sasserath.de\\\/index.php\\\/2022\\\/05\\\/13\\\/hello-world\\\/#primaryimage\"},\"thumbnailUrl\":\"https:\\\/\\\/nein-zum-gewerbegebiet-sasserath.de\\\/wp-content\\\/uploads\\\/2022\\\/05\\\/SAVE_20220519_204112.jpg\",\"keywords\":[\"B\u00f6den\",\"L\u00f6ss\"],\"articleSection\":[\"B\u00f6den\"],\"inLanguage\":\"de\"},{\"@type\":\"WebPage\",\"@id\":\"https:\\\/\\\/nein-zum-gewerbegebiet-sasserath.de\\\/index.php\\\/2022\\\/05\\\/13\\\/hello-world\\\/\",\"url\":\"https:\\\/\\\/nein-zum-gewerbegebiet-sasserath.de\\\/index.php\\\/2022\\\/05\\\/13\\\/hello-world\\\/\",\"name\":\"Warum ist das Land und der Boden so wertvoll?! - Nein zum Gewerbegebiet Sasserath\",\"isPartOf\":{\"@id\":\"https:\\\/\\\/nein-zum-gewerbegebiet-sasserath.de\\\/#website\"},\"primaryImageOfPage\":{\"@id\":\"https:\\\/\\\/nein-zum-gewerbegebiet-sasserath.de\\\/index.php\\\/2022\\\/05\\\/13\\\/hello-world\\\/#primaryimage\"},\"image\":{\"@id\":\"https:\\\/\\\/nein-zum-gewerbegebiet-sasserath.de\\\/index.php\\\/2022\\\/05\\\/13\\\/hello-world\\\/#primaryimage\"},\"thumbnailUrl\":\"https:\\\/\\\/nein-zum-gewerbegebiet-sasserath.de\\\/wp-content\\\/uploads\\\/2022\\\/05\\\/SAVE_20220519_204112.jpg\",\"datePublished\":\"2022-05-13T05:15:28+00:00\",\"dateModified\":\"2022-05-25T07:08:12+00:00\",\"breadcrumb\":{\"@id\":\"https:\\\/\\\/nein-zum-gewerbegebiet-sasserath.de\\\/index.php\\\/2022\\\/05\\\/13\\\/hello-world\\\/#breadcrumb\"},\"inLanguage\":\"de\",\"potentialAction\":[{\"@type\":\"ReadAction\",\"target\":[\"https:\\\/\\\/nein-zum-gewerbegebiet-sasserath.de\\\/index.php\\\/2022\\\/05\\\/13\\\/hello-world\\\/\"]}]},{\"@type\":\"ImageObject\",\"inLanguage\":\"de\",\"@id\":\"https:\\\/\\\/nein-zum-gewerbegebiet-sasserath.de\\\/index.php\\\/2022\\\/05\\\/13\\\/hello-world\\\/#primaryimage\",\"url\":\"https:\\\/\\\/nein-zum-gewerbegebiet-sasserath.de\\\/wp-content\\\/uploads\\\/2022\\\/05\\\/SAVE_20220519_204112.jpg\",\"contentUrl\":\"https:\\\/\\\/nein-zum-gewerbegebiet-sasserath.de\\\/wp-content\\\/uploads\\\/2022\\\/05\\\/SAVE_20220519_204112.jpg\",\"width\":1500,\"height\":1125},{\"@type\":\"BreadcrumbList\",\"@id\":\"https:\\\/\\\/nein-zum-gewerbegebiet-sasserath.de\\\/index.php\\\/2022\\\/05\\\/13\\\/hello-world\\\/#breadcrumb\",\"itemListElement\":[{\"@type\":\"ListItem\",\"position\":1,\"name\":\"Startseite\",\"item\":\"https:\\\/\\\/nein-zum-gewerbegebiet-sasserath.de\\\/\"},{\"@type\":\"ListItem\",\"position\":2,\"name\":\"Warum ist das Land und der Boden so wertvoll?!\"}]},{\"@type\":\"WebSite\",\"@id\":\"https:\\\/\\\/nein-zum-gewerbegebiet-sasserath.de\\\/#website\",\"url\":\"https:\\\/\\\/nein-zum-gewerbegebiet-sasserath.de\\\/\",\"name\":\"Nein zum Gewerbegebiet Sasserath\",\"description\":\"Informationen zur B\u00fcrgerinitiative Sasserath gegen das Gewerbegebeit Sasserath\",\"publisher\":{\"@id\":\"https:\\\/\\\/nein-zum-gewerbegebiet-sasserath.de\\\/#organization\"},\"potentialAction\":[{\"@type\":\"SearchAction\",\"target\":{\"@type\":\"EntryPoint\",\"urlTemplate\":\"https:\\\/\\\/nein-zum-gewerbegebiet-sasserath.de\\\/?s={search_term_string}\"},\"query-input\":{\"@type\":\"PropertyValueSpecification\",\"valueRequired\":true,\"valueName\":\"search_term_string\"}}],\"inLanguage\":\"de\"},{\"@type\":\"Organization\",\"@id\":\"https:\\\/\\\/nein-zum-gewerbegebiet-sasserath.de\\\/#organization\",\"name\":\"B\u00fcrgerinitative Sasserath\",\"url\":\"https:\\\/\\\/nein-zum-gewerbegebiet-sasserath.de\\\/\",\"logo\":{\"@type\":\"ImageObject\",\"inLanguage\":\"de\",\"@id\":\"https:\\\/\\\/nein-zum-gewerbegebiet-sasserath.de\\\/#\\\/schema\\\/logo\\\/image\\\/\",\"url\":\"https:\\\/\\\/nein-zum-gewerbegebiet-sasserath.de\\\/wp-content\\\/uploads\\\/2022\\\/05\\\/logo.jpg\",\"contentUrl\":\"https:\\\/\\\/nein-zum-gewerbegebiet-sasserath.de\\\/wp-content\\\/uploads\\\/2022\\\/05\\\/logo.jpg\",\"width\":1748,\"height\":1118,\"caption\":\"B\u00fcrgerinitative Sasserath\"},\"image\":{\"@id\":\"https:\\\/\\\/nein-zum-gewerbegebiet-sasserath.de\\\/#\\\/schema\\\/logo\\\/image\\\/\"}},{\"@type\":\"Person\",\"@id\":\"https:\\\/\\\/nein-zum-gewerbegebiet-sasserath.de\\\/#\\\/schema\\\/person\\\/e9e5530bf6486af4282da20ae701636d\",\"name\":\"Tim Jansen\",\"image\":{\"@type\":\"ImageObject\",\"inLanguage\":\"de\",\"@id\":\"https:\\\/\\\/secure.gravatar.com\\\/avatar\\\/af6495ce323ce6c6bb2c245cb3259bde8b526c6e05e0b4c829354c0d0d52c26c?s=96&d=mm&r=g\",\"url\":\"https:\\\/\\\/secure.gravatar.com\\\/avatar\\\/af6495ce323ce6c6bb2c245cb3259bde8b526c6e05e0b4c829354c0d0d52c26c?s=96&d=mm&r=g\",\"contentUrl\":\"https:\\\/\\\/secure.gravatar.com\\\/avatar\\\/af6495ce323ce6c6bb2c245cb3259bde8b526c6e05e0b4c829354c0d0d52c26c?s=96&d=mm&r=g\",\"caption\":\"Tim Jansen\"},\"sameAs\":[\"https:\\\/\\\/nein-zum-gewerbegebiet-sasserath.de\"],\"url\":\"https:\\\/\\\/nein-zum-gewerbegebiet-sasserath.de\\\/index.php\\\/author\\\/timbo\\\/\"}]}<\/script>\n<!-- \/ Yoast SEO plugin. -->","yoast_head_json":{"title":"Warum ist das Land und der Boden so wertvoll?! - Nein zum Gewerbegebiet Sasserath","robots":{"index":"index","follow":"follow","max-snippet":"max-snippet:-1","max-image-preview":"max-image-preview:large","max-video-preview":"max-video-preview:-1"},"canonical":"https:\/\/nein-zum-gewerbegebiet-sasserath.de\/index.php\/2022\/05\/13\/hello-world\/","og_locale":"de_DE","og_type":"article","og_title":"Warum ist das Land und der Boden so wertvoll?! - Nein zum Gewerbegebiet Sasserath","og_description":"1m\u00b3 (1m W\u00fcrfel)L\u00f6ssboden= bis 220 l Wasserspeicher, der f\u00fcr die Pflanzen nutzbar ist. Stephanie Coenen erkl\u00e4rt in diesem Video warum der Boden so wertvoll ist f\u00fcr die Landwirte und die Lebensmittelerzeugung!","og_url":"https:\/\/nein-zum-gewerbegebiet-sasserath.de\/index.php\/2022\/05\/13\/hello-world\/","og_site_name":"Nein zum Gewerbegebiet Sasserath","article_published_time":"2022-05-13T05:15:28+00:00","article_modified_time":"2022-05-25T07:08:12+00:00","og_image":[{"width":1500,"height":1125,"url":"https:\/\/nein-zum-gewerbegebiet-sasserath.de\/wp-content\/uploads\/2022\/05\/SAVE_20220519_204112.jpg","type":"image\/jpeg"}],"author":"Tim Jansen","twitter_card":"summary_large_image","twitter_misc":{"Verfasst von":"Tim Jansen","Gesch\u00e4tzte Lesezeit":"1\u00a0Minute"},"schema":{"@context":"https:\/\/schema.org","@graph":[{"@type":"Article","@id":"https:\/\/nein-zum-gewerbegebiet-sasserath.de\/index.php\/2022\/05\/13\/hello-world\/#article","isPartOf":{"@id":"https:\/\/nein-zum-gewerbegebiet-sasserath.de\/index.php\/2022\/05\/13\/hello-world\/"},"author":{"name":"Tim Jansen","@id":"https:\/\/nein-zum-gewerbegebiet-sasserath.de\/#\/schema\/person\/e9e5530bf6486af4282da20ae701636d"},"headline":"Warum ist das Land und der Boden so wertvoll?!","datePublished":"2022-05-13T05:15:28+00:00","dateModified":"2022-05-25T07:08:12+00:00","mainEntityOfPage":{"@id":"https:\/\/nein-zum-gewerbegebiet-sasserath.de\/index.php\/2022\/05\/13\/hello-world\/"},"wordCount":50,"publisher":{"@id":"https:\/\/nein-zum-gewerbegebiet-sasserath.de\/#organization"},"image":{"@id":"https:\/\/nein-zum-gewerbegebiet-sasserath.de\/index.php\/2022\/05\/13\/hello-world\/#primaryimage"},"thumbnailUrl":"https:\/\/nein-zum-gewerbegebiet-sasserath.de\/wp-content\/uploads\/2022\/05\/SAVE_20220519_204112.jpg","keywords":["B\u00f6den","L\u00f6ss"],"articleSection":["B\u00f6den"],"inLanguage":"de"},{"@type":"WebPage","@id":"https:\/\/nein-zum-gewerbegebiet-sasserath.de\/index.php\/2022\/05\/13\/hello-world\/","url":"https:\/\/nein-zum-gewerbegebiet-sasserath.de\/index.php\/2022\/05\/13\/hello-world\/","name":"Warum ist das Land und der Boden so wertvoll?! - Nein zum Gewerbegebiet Sasserath","isPartOf":{"@id":"https:\/\/nein-zum-gewerbegebiet-sasserath.de\/#website"},"primaryImageOfPage":{"@id":"https:\/\/nein-zum-gewerbegebiet-sasserath.de\/index.php\/2022\/05\/13\/hello-world\/#primaryimage"},"image":{"@id":"https:\/\/nein-zum-gewerbegebiet-sasserath.de\/index.php\/2022\/05\/13\/hello-world\/#primaryimage"},"thumbnailUrl":"https:\/\/nein-zum-gewerbegebiet-sasserath.de\/wp-content\/uploads\/2022\/05\/SAVE_20220519_204112.jpg","datePublished":"2022-05-13T05:15:28+00:00","dateModified":"2022-05-25T07:08:12+00:00","breadcrumb":{"@id":"https:\/\/nein-zum-gewerbegebiet-sasserath.de\/index.php\/2022\/05\/13\/hello-world\/#breadcrumb"},"inLanguage":"de","potentialAction":[{"@type":"ReadAction","target":["https:\/\/nein-zum-gewerbegebiet-sasserath.de\/index.php\/2022\/05\/13\/hello-world\/"]}]},{"@type":"ImageObject","inLanguage":"de","@id":"https:\/\/nein-zum-gewerbegebiet-sasserath.de\/index.php\/2022\/05\/13\/hello-world\/#primaryimage","url":"https:\/\/nein-zum-gewerbegebiet-sasserath.de\/wp-content\/uploads\/2022\/05\/SAVE_20220519_204112.jpg","contentUrl":"https:\/\/nein-zum-gewerbegebiet-sasserath.de\/wp-content\/uploads\/2022\/05\/SAVE_20220519_204112.jpg","width":1500,"height":1125},{"@type":"BreadcrumbList","@id":"https:\/\/nein-zum-gewerbegebiet-sasserath.de\/index.php\/2022\/05\/13\/hello-world\/#breadcrumb","itemListElement":[{"@type":"ListItem","position":1,"name":"Startseite","item":"https:\/\/nein-zum-gewerbegebiet-sasserath.de\/"},{"@type":"ListItem","position":2,"name":"Warum ist das Land und der Boden so wertvoll?!"}]},{"@type":"WebSite","@id":"https:\/\/nein-zum-gewerbegebiet-sasserath.de\/#website","url":"https:\/\/nein-zum-gewerbegebiet-sasserath.de\/","name":"Nein zum Gewerbegebiet Sasserath","description":"Informationen zur B\u00fcrgerinitiative Sasserath gegen das Gewerbegebeit Sasserath","publisher":{"@id":"https:\/\/nein-zum-gewerbegebiet-sasserath.de\/#organization"},"potentialAction":[{"@type":"SearchAction","target":{"@type":"EntryPoint","urlTemplate":"https:\/\/nein-zum-gewerbegebiet-sasserath.de\/?s={search_term_string}"},"query-input":{"@type":"PropertyValueSpecification","valueRequired":true,"valueName":"search_term_string"}}],"inLanguage":"de"},{"@type":"Organization","@id":"https:\/\/nein-zum-gewerbegebiet-sasserath.de\/#organization","name":"B\u00fcrgerinitative Sasserath","url":"https:\/\/nein-zum-gewerbegebiet-sasserath.de\/","logo":{"@type":"ImageObject","inLanguage":"de","@id":"https:\/\/nein-zum-gewerbegebiet-sasserath.de\/#\/schema\/logo\/image\/","url":"https:\/\/nein-zum-gewerbegebiet-sasserath.de\/wp-content\/uploads\/2022\/05\/logo.jpg","contentUrl":"https:\/\/nein-zum-gewerbegebiet-sasserath.de\/wp-content\/uploads\/2022\/05\/logo.jpg","width":1748,"height":1118,"caption":"B\u00fcrgerinitative Sasserath"},"image":{"@id":"https:\/\/nein-zum-gewerbegebiet-sasserath.de\/#\/schema\/logo\/image\/"}},{"@type":"Person","@id":"https:\/\/nein-zum-gewerbegebiet-sasserath.de\/#\/schema\/person\/e9e5530bf6486af4282da20ae701636d","name":"Tim Jansen","image":{"@type":"ImageObject","inLanguage":"de","@id":"https:\/\/secure.gravatar.com\/avatar\/af6495ce323ce6c6bb2c245cb3259bde8b526c6e05e0b4c829354c0d0d52c26c?s=96&d=mm&r=g","url":"https:\/\/secure.gravatar.com\/avatar\/af6495ce323ce6c6bb2c245cb3259bde8b526c6e05e0b4c829354c0d0d52c26c?s=96&d=mm&r=g","contentUrl":"https:\/\/secure.gravatar.com\/avatar\/af6495ce323ce6c6bb2c245cb3259bde8b526c6e05e0b4c829354c0d0d52c26c?s=96&d=mm&r=g","caption":"Tim Jansen"},"sameAs":["https:\/\/nein-zum-gewerbegebiet-sasserath.de"],"url":"https:\/\/nein-zum-gewerbegebiet-sasserath.de\/index.php\/author\/timbo\/"}]}},"_links":{"self":[{"href":"https:\/\/nein-zum-gewerbegebiet-sasserath.de\/index.php\/wp-json\/wp\/v2\/posts\/1","targetHints":{"allow":["GET"]}}],"collection":[{"href":"https:\/\/nein-zum-gewerbegebiet-sasserath.de\/index.php\/wp-json\/wp\/v2\/posts"}],"about":[{"href":"https:\/\/nein-zum-gewerbegebiet-sasserath.de\/index.php\/wp-json\/wp\/v2\/types\/post"}],"author":[{"embeddable":true,"href":"https:\/\/nein-zum-gewerbegebiet-sasserath.de\/index.php\/wp-json\/wp\/v2\/users\/1"}],"replies":[{"embeddable":true,"href":"https:\/\/nein-zum-gewerbegebiet-sasserath.de\/index.php\/wp-json\/wp\/v2\/comments?post=1"}],"version-history":[{"count":7,"href":"https:\/\/nein-zum-gewerbegebiet-sasserath.de\/index.php\/wp-json\/wp\/v2\/posts\/1\/revisions"}],"predecessor-version":[{"id":149,"href":"https:\/\/nein-zum-gewerbegebiet-sasserath.de\/index.php\/wp-json\/wp\/v2\/posts\/1\/revisions\/149"}],"wp:featuredmedia":[{"embeddable":true,"href":"https:\/\/nein-zum-gewerbegebiet-sasserath.de\/index.php\/wp-json\/wp\/v2\/media\/126"}],"wp:attachment":[{"href":"https:\/\/nein-zum-gewerbegebiet-sasserath.de\/index.php\/wp-json\/wp\/v2\/media?parent=1"}],"wp:term":[{"taxonomy":"category","embeddable":true,"href":"https:\/\/nein-zum-gewerbegebiet-sasserath.de\/index.php\/wp-json\/wp\/v2\/categories?post=1"},{"taxonomy":"post_tag","embeddable":true,"href":"https:\/\/nein-zum-gewerbegebiet-sasserath.de\/index.php\/wp-json\/wp\/v2\/tags?post=1"}],"curies":[{"name":"wp","href":"https:\/\/api.w.org\/{rel}","templated":true}]}}